{"id":12895,"date":"2021-03-17T16:58:58","date_gmt":"2021-03-17T15:58:58","guid":{"rendered":"https:\/\/mediartis.com\/?p=12895"},"modified":"2021-03-17T17:43:14","modified_gmt":"2021-03-17T16:43:14","slug":"replay-laudio-dans-votre-communication-en-2021-comment-bien-integrer-le-rgpd","status":"publish","type":"post","link":"https:\/\/mediartis.com\/fr\/blog\/replay-laudio-dans-votre-communication-en-2021-comment-bien-integrer-le-rgpd\/","title":{"rendered":"Replay \u2013 L\u2019audio dans votre communication en 2021, comment bien int\u00e9grer le RGPD"},"content":{"rendered":"\n<h3 class=\"wp-block-heading\">Re-visionnez dans son int\u00e9gralit\u00e9 cet atelier abordant toutes les probl\u00e9matiques soulev\u00e9es par la cr\u00e9ation de contenu audiovisuel et publicitaire en accord avec le RGPD.<\/h3>\n\n\n\n<p class=\"wp-block-paragraph\">Le mardi 9 mars 2021, Dominique Scalia, Pr\u00e9sident de l\u2019Observatoire COM MEDIA, animait un atelier avec C\u00e9cile Limal, CEO de&nbsp;<a href=\"https:\/\/mediartis.com\/fr\/\">Mediartis<\/a>&nbsp;&amp;&nbsp;<a href=\"https:\/\/www.voxingpro.com\/fr\">Voxing Pro<\/a>, Henri Leben, Avocat \u00e0 la cour et fondateur de Leben Avocats et de&nbsp;<a href=\"https:\/\/virtual-dpo.fr\/\">Virtual DPO<\/a>&nbsp;et Michel Golgevit, Pr\u00e9sident de&nbsp;<a href=\"https:\/\/www.keywordsstudios.com\/\">Keywords Studios<\/a>&nbsp;France. Cet atelier \u00e9tait exemplaire en accueillant un triptyque id\u00e9al compos\u00e9 d\u2019un client (le besoin), d\u2019un prestataire (la solution) et d\u2019un expert (les conditions du respect du droit).<\/p>\n\n\n\n<div class=\"wp-block-image\"><figure class=\"aligncenter size-large is-resized\"><img data-recalc-dims=\"1\" fetchpriority=\"high\" decoding=\"async\" src=\"https:\/\/i0.wp.com\/obs-commedia.com\/wp-content\/uploads\/2021\/02\/Intervenants-2-1536x464.png?resize=800%2C241&#038;ssl=1\" alt=\"\" width=\"800\" height=\"241\"\/><\/figure><\/div>\n\n\n\n<p class=\"wp-block-paragraph\">Tandis que les campagnes de communication faisant appel \u00e0 la voix \u00ab explosent \u00bb, les changements de r\u00e9glementation sont encore rarement int\u00e9gr\u00e9s dans la cha\u00eene de production. Trop d\u2019entreprises sous-estiment les sanctions financi\u00e8res et p\u00e9nales qu\u2019elles risquent en cas de non respect du RGPD, le leur ou celui de leurs partenaires, et ignorent les avantages de s\u2019\u00eatre mise en conformit\u00e9.<\/p>\n\n\n\n<p class=\"wp-block-paragraph\">C\u2019est d\u2019autant plus dommage qu\u2019il n\u2019est pas difficile de concilier les donn\u00e9es sonores d\u2019une campagne marketing avec le RGPD. Plus qu\u2019une obligation, cette d\u00e9marche est bonne pour l\u2019image de marque, elle rassure les \u00e9metteurs d\u2019appels d\u2019offre et consolide l\u2019ensemble de la cha\u00eene de valeur pour des budgets tr\u00e8s abordables.<\/p>\n\n\n\n<figure class=\"wp-block-embed is-type-video is-provider-youtube wp-block-embed-youtube wp-embed-aspect-16-9 wp-has-aspect-ratio\"><div class=\"wp-block-embed__wrapper\">\n<iframe title=\"Webinar Adh\u00e8rent 09.04.21 : L\u2019audio dans votre communication en 2021, comment bien int\u00e9grer le RGPD\" width=\"800\" height=\"450\" src=\"https:\/\/www.youtube.com\/embed\/m_c1Qfr8xec?feature=oembed\" frameborder=\"0\" allow=\"accelerometer; autoplay; clipboard-write; encrypted-media; gyroscope; picture-in-picture\" allowfullscreen><\/iframe>\n<\/div><\/figure>\n\n\n\n<p class=\"wp-block-paragraph\">La solution cloud Mediartis propose d&#8217;automatiser l&#8217;int\u00e9gralit\u00e9 du processus de conformit\u00e9 RGPD des projets voix de la post-production audiovisuelle. Que les castings soient g\u00e9r\u00e9s en interne ou en sous-traitance, la plateforme prot\u00e8ge chacun des risques de non-conformit\u00e9.<\/p>\n\n\n\n<div class=\"wp-block-image\"><figure class=\"aligncenter\"><img data-recalc-dims=\"1\" height=\"441\" width=\"800\" decoding=\"async\" data-attachment-id=\"11768\" data-permalink=\"https:\/\/mediartis.com\/fr\/blog\/faqs\/rechercher-mes-contacts\/image-62-2\/\" data-orig-file=\"https:\/\/i0.wp.com\/mediartis.com\/wp-content\/uploads\/2021\/02\/image-62.png?fit=1396%2C464&amp;ssl=1\" data-orig-size=\"1396,464\" data-comments-opened=\"1\" data-image-meta=\"{&quot;aperture&quot;:&quot;0&quot;,&quot;credit&quot;:&quot;&quot;,&quot;camera&quot;:&quot;&quot;,&quot;caption&quot;:&quot;&quot;,&quot;created_timestamp&quot;:&quot;0&quot;,&quot;copyright&quot;:&quot;&quot;,&quot;focal_length&quot;:&quot;0&quot;,&quot;iso&quot;:&quot;0&quot;,&quot;shutter_speed&quot;:&quot;0&quot;,&quot;title&quot;:&quot;&quot;,&quot;orientation&quot;:&quot;0&quot;}\" data-image-title=\"image-62\" data-image-description=\"\" data-image-caption=\"\" data-large-file=\"https:\/\/i0.wp.com\/mediartis.com\/wp-content\/uploads\/2021\/02\/image-62.png?fit=800%2C266&amp;ssl=1\" src=\"https:\/\/i0.wp.com\/obs-commedia.com\/wp-content\/uploads\/2021\/03\/intro-1-1024x564.png?resize=800%2C441&#038;ssl=1\" alt=\"RGPD Audio m\u00e9diartis\" class=\"wp-image-11768\"\/><\/figure><\/div>\n\n\n\n<p class=\"wp-block-paragraph\"><\/p>\n\n\n\n<p class=\"wp-block-paragraph\"><a href=\"https:\/\/mediartis.com\/fr\" target=\"_blank\" rel=\"noreferrer noopener\">En savoir plus sur les solutions de casting voix d\u00e9velopp\u00e9es par Mediartis<\/a>.<\/p>\n","protected":false},"excerpt":{"rendered":"<p>Re-visionnez dans son int\u00e9gralit\u00e9 cet atelier abordant toutes les probl\u00e9matiques soulev\u00e9es par la cr\u00e9ation de contenu audiovisuel et publicitaire en accord avec le RGPD. Le mardi 9 mars 2021, Dominique Scalia, Pr\u00e9sident de l\u2019Observatoire COM MEDIA, animait un atelier avec C\u00e9cile Limal, CEO de&nbsp;Mediartis&nbsp;&amp;&nbsp;Voxing Pro, Henri Leben, Avocat \u00e0 la cour et fondateur de Leben [&hellip;]<\/p>\n","protected":false},"author":156149975,"featured_media":12902,"comment_status":"open","ping_status":"open","sticky":false,"template":"","format":"standard","meta":{"_coblocks_attr":"","_coblocks_dimensions":"","_coblocks_responsive_height":"","_coblocks_accordion_ie_support":"","_crdt_document":"","content-type":"","_uag_custom_page_level_css":"","_jetpack_newsletter_access":"","_jetpack_dont_email_post_to_subs":false,"_jetpack_newsletter_tier_id":0,"_jetpack_memberships_contains_paywalled_content":false,"_jetpack_memberships_contains_paid_content":false,"footnotes":"","jetpack_post_was_ever_published":false},"categories":[35912],"tags":[],"class_list":["post-12895","post","type-post","status-publish","format-standard","has-post-thumbnail","hentry","category-rgpd"],"yoast_head":"<!-- This site is optimized with the Yoast SEO plugin v27.4 - https:\/\/yoast.com\/product\/yoast-seo-wordpress\/ -->\n<title>Replay \u2013 L\u2019audio dans votre communication en 2021, comment bien int\u00e9grer le RGPD - Mediartis<\/title>\n<meta name=\"description\" content=\"Re-visionnez cet atelier abordant toutes les probl\u00e9matiques soulev\u00e9es par la cr\u00e9ation de contenu audiovisuel en accord avec le RGPD.\" \/>\n<meta name=\"robots\" content=\"index, follow, max-snippet:-1, max-image-preview:large, max-video-preview:-1\" \/>\n<link rel=\"canonical\" href=\"https:\/\/mediartis.com\/fr\/blog\/replay-laudio-dans-votre-communication-en-2021-comment-bien-integrer-le-rgpd\/\" \/>\n<meta property=\"og:locale\" content=\"fr_FR\" \/>\n<meta property=\"og:type\" content=\"article\" \/>\n<meta property=\"og:title\" content=\"Replay \u2013 L\u2019audio dans votre communication en 2021, comment bien int\u00e9grer le RGPD - Mediartis\" \/>\n<meta property=\"og:description\" content=\"Re-visionnez cet atelier abordant toutes les probl\u00e9matiques soulev\u00e9es par la cr\u00e9ation de contenu audiovisuel en accord avec le RGPD.\" \/>\n<meta property=\"og:url\" content=\"https:\/\/mediartis.com\/fr\/blog\/replay-laudio-dans-votre-communication-en-2021-comment-bien-integrer-le-rgpd\/\" \/>\n<meta property=\"og:site_name\" content=\"Mediartis\" \/>\n<meta property=\"article:publisher\" content=\"https:\/\/www.facebook.com\/mediartisvoice\" \/>\n<meta property=\"article:published_time\" content=\"2021-03-17T15:58:58+00:00\" \/>\n<meta property=\"article:modified_time\" content=\"2021-03-17T16:43:14+00:00\" \/>\n<meta property=\"og:image\" content=\"https:\/\/mediartis.com\/wp-content\/uploads\/2021\/03\/te\u0301le\u0301chargement-4-1024x523.png\" \/>\n\t<meta property=\"og:image:width\" content=\"1024\" \/>\n\t<meta property=\"og:image:height\" content=\"523\" \/>\n\t<meta property=\"og:image:type\" content=\"image\/png\" \/>\n<meta name=\"author\" content=\"Mediartis team\" \/>\n<meta name=\"twitter:card\" content=\"summary_large_image\" \/>\n<meta name=\"twitter:creator\" content=\"@Mediartis_\" \/>\n<meta name=\"twitter:site\" content=\"@Mediartis_\" \/>\n<meta name=\"twitter:label1\" content=\"\u00c9crit par\" \/>\n\t<meta name=\"twitter:data1\" content=\"Mediartis team\" \/>\n\t<meta name=\"twitter:label2\" content=\"Dur\u00e9e de lecture estim\u00e9e\" \/>\n\t<meta name=\"twitter:data2\" content=\"2 minutes\" \/>\n<script type=\"application\/ld+json\" class=\"yoast-schema-graph\">{\"@context\":\"https:\\\/\\\/schema.org\",\"@graph\":[{\"@type\":\"Article\",\"@id\":\"https:\\\/\\\/mediartis.com\\\/fr\\\/blog\\\/replay-laudio-dans-votre-communication-en-2021-comment-bien-integrer-le-rgpd\\\/#article\",\"isPartOf\":{\"@id\":\"https:\\\/\\\/mediartis.com\\\/fr\\\/blog\\\/replay-laudio-dans-votre-communication-en-2021-comment-bien-integrer-le-rgpd\\\/\"},\"author\":{\"name\":\"Mediartis team\",\"@id\":\"https:\\\/\\\/mediartis.com\\\/fr\\\/#\\\/schema\\\/person\\\/4f54e12f16923fd059d40494035a38a0\"},\"headline\":\"Replay \u2013 L\u2019audio dans votre communication en 2021, comment bien int\u00e9grer le RGPD\",\"datePublished\":\"2021-03-17T15:58:58+00:00\",\"dateModified\":\"2021-03-17T16:43:14+00:00\",\"mainEntityOfPage\":{\"@id\":\"https:\\\/\\\/mediartis.com\\\/fr\\\/blog\\\/replay-laudio-dans-votre-communication-en-2021-comment-bien-integrer-le-rgpd\\\/\"},\"wordCount\":323,\"commentCount\":0,\"publisher\":{\"@id\":\"https:\\\/\\\/mediartis.com\\\/fr\\\/#organization\"},\"image\":{\"@id\":\"https:\\\/\\\/mediartis.com\\\/fr\\\/blog\\\/replay-laudio-dans-votre-communication-en-2021-comment-bien-integrer-le-rgpd\\\/#primaryimage\"},\"thumbnailUrl\":\"https:\\\/\\\/i0.wp.com\\\/mediartis.com\\\/wp-content\\\/uploads\\\/2021\\\/03\\\/te%CC%81le%CC%81chargement-4.png?fit=2544%2C1300&ssl=1\",\"articleSection\":[\"RGPD\"],\"inLanguage\":\"fr-FR\",\"potentialAction\":[{\"@type\":\"CommentAction\",\"name\":\"Comment\",\"target\":[\"https:\\\/\\\/mediartis.com\\\/fr\\\/blog\\\/replay-laudio-dans-votre-communication-en-2021-comment-bien-integrer-le-rgpd\\\/#respond\"]}]},{\"@type\":\"WebPage\",\"@id\":\"https:\\\/\\\/mediartis.com\\\/fr\\\/blog\\\/replay-laudio-dans-votre-communication-en-2021-comment-bien-integrer-le-rgpd\\\/\",\"url\":\"https:\\\/\\\/mediartis.com\\\/fr\\\/blog\\\/replay-laudio-dans-votre-communication-en-2021-comment-bien-integrer-le-rgpd\\\/\",\"name\":\"Replay \u2013 L\u2019audio dans votre communication en 2021, comment bien int\u00e9grer le RGPD - Mediartis\",\"isPartOf\":{\"@id\":\"https:\\\/\\\/mediartis.com\\\/fr\\\/#website\"},\"primaryImageOfPage\":{\"@id\":\"https:\\\/\\\/mediartis.com\\\/fr\\\/blog\\\/replay-laudio-dans-votre-communication-en-2021-comment-bien-integrer-le-rgpd\\\/#primaryimage\"},\"image\":{\"@id\":\"https:\\\/\\\/mediartis.com\\\/fr\\\/blog\\\/replay-laudio-dans-votre-communication-en-2021-comment-bien-integrer-le-rgpd\\\/#primaryimage\"},\"thumbnailUrl\":\"https:\\\/\\\/i0.wp.com\\\/mediartis.com\\\/wp-content\\\/uploads\\\/2021\\\/03\\\/te%CC%81le%CC%81chargement-4.png?fit=2544%2C1300&ssl=1\",\"datePublished\":\"2021-03-17T15:58:58+00:00\",\"dateModified\":\"2021-03-17T16:43:14+00:00\",\"description\":\"Re-visionnez cet atelier abordant toutes les probl\u00e9matiques soulev\u00e9es par la cr\u00e9ation de contenu audiovisuel en accord avec le RGPD.\",\"breadcrumb\":{\"@id\":\"https:\\\/\\\/mediartis.com\\\/fr\\\/blog\\\/replay-laudio-dans-votre-communication-en-2021-comment-bien-integrer-le-rgpd\\\/#breadcrumb\"},\"inLanguage\":\"fr-FR\",\"potentialAction\":[{\"@type\":\"ReadAction\",\"target\":[\"https:\\\/\\\/mediartis.com\\\/fr\\\/blog\\\/replay-laudio-dans-votre-communication-en-2021-comment-bien-integrer-le-rgpd\\\/\"]}]},{\"@type\":\"ImageObject\",\"inLanguage\":\"fr-FR\",\"@id\":\"https:\\\/\\\/mediartis.com\\\/fr\\\/blog\\\/replay-laudio-dans-votre-communication-en-2021-comment-bien-integrer-le-rgpd\\\/#primaryimage\",\"url\":\"https:\\\/\\\/i0.wp.com\\\/mediartis.com\\\/wp-content\\\/uploads\\\/2021\\\/03\\\/te%CC%81le%CC%81chargement-4.png?fit=2544%2C1300&ssl=1\",\"contentUrl\":\"https:\\\/\\\/i0.wp.com\\\/mediartis.com\\\/wp-content\\\/uploads\\\/2021\\\/03\\\/te%CC%81le%CC%81chargement-4.png?fit=2544%2C1300&ssl=1\",\"width\":2544,\"height\":1300},{\"@type\":\"BreadcrumbList\",\"@id\":\"https:\\\/\\\/mediartis.com\\\/fr\\\/blog\\\/replay-laudio-dans-votre-communication-en-2021-comment-bien-integrer-le-rgpd\\\/#breadcrumb\",\"itemListElement\":[{\"@type\":\"ListItem\",\"position\":1,\"name\":\"Home\",\"item\":\"https:\\\/\\\/mediartis.com\\\/\"},{\"@type\":\"ListItem\",\"position\":2,\"name\":\"Replay \u2013 L\u2019audio dans votre communication en 2021, comment bien int\u00e9grer le RGPD\"}]},{\"@type\":\"WebSite\",\"@id\":\"https:\\\/\\\/mediartis.com\\\/fr\\\/#website\",\"url\":\"https:\\\/\\\/mediartis.com\\\/fr\\\/\",\"name\":\"Mediartis.com\",\"description\":\"Empowering the voice production industry\",\"publisher\":{\"@id\":\"https:\\\/\\\/mediartis.com\\\/fr\\\/#organization\"},\"potentialAction\":[{\"@type\":\"SearchAction\",\"target\":{\"@type\":\"EntryPoint\",\"urlTemplate\":\"https:\\\/\\\/mediartis.com\\\/fr\\\/?s={search_term_string}\"},\"query-input\":{\"@type\":\"PropertyValueSpecification\",\"valueRequired\":true,\"valueName\":\"search_term_string\"}}],\"inLanguage\":\"fr-FR\"},{\"@type\":\"Organization\",\"@id\":\"https:\\\/\\\/mediartis.com\\\/fr\\\/#organization\",\"name\":\"Mediartis\",\"url\":\"https:\\\/\\\/mediartis.com\\\/fr\\\/\",\"logo\":{\"@type\":\"ImageObject\",\"inLanguage\":\"fr-FR\",\"@id\":\"https:\\\/\\\/mediartis.com\\\/fr\\\/#\\\/schema\\\/logo\\\/image\\\/\",\"url\":\"https:\\\/\\\/i0.wp.com\\\/mediartis.com\\\/wp-content\\\/uploads\\\/2019\\\/05\\\/Logo-MP-5x5cm.jpg?fit=591%2C448&ssl=1\",\"contentUrl\":\"https:\\\/\\\/i0.wp.com\\\/mediartis.com\\\/wp-content\\\/uploads\\\/2019\\\/05\\\/Logo-MP-5x5cm.jpg?fit=591%2C448&ssl=1\",\"width\":591,\"height\":448,\"caption\":\"Mediartis\"},\"image\":{\"@id\":\"https:\\\/\\\/mediartis.com\\\/fr\\\/#\\\/schema\\\/logo\\\/image\\\/\"},\"sameAs\":[\"https:\\\/\\\/www.facebook.com\\\/mediartisvoice\",\"https:\\\/\\\/x.com\\\/Mediartis_\",\"https:\\\/\\\/www.linkedin.com\\\/company\\\/mediartis-voice\\\/\",\"https:\\\/\\\/www.youtube.com\\\/channel\\\/UC452V2Jm7LpMXoUvmKMpOYA\"]},{\"@type\":\"Person\",\"@id\":\"https:\\\/\\\/mediartis.com\\\/fr\\\/#\\\/schema\\\/person\\\/4f54e12f16923fd059d40494035a38a0\",\"name\":\"Mediartis team\",\"image\":{\"@type\":\"ImageObject\",\"inLanguage\":\"fr-FR\",\"@id\":\"https:\\\/\\\/secure.gravatar.com\\\/avatar\\\/8525c68792e445c8613346485b9a909d43dac17e0b8fc39aefa88551f2d4675e?s=96&d=identicon&r=g\",\"url\":\"https:\\\/\\\/secure.gravatar.com\\\/avatar\\\/8525c68792e445c8613346485b9a909d43dac17e0b8fc39aefa88551f2d4675e?s=96&d=identicon&r=g\",\"contentUrl\":\"https:\\\/\\\/secure.gravatar.com\\\/avatar\\\/8525c68792e445c8613346485b9a909d43dac17e0b8fc39aefa88551f2d4675e?s=96&d=identicon&r=g\",\"caption\":\"Mediartis team\"},\"sameAs\":[\"http:\\\/\\\/mediartisdotcom.wordpress.com\"]}]}<\/script>\n<!-- \/ Yoast SEO plugin. -->","yoast_head_json":{"title":"Replay \u2013 L\u2019audio dans votre communication en 2021, comment bien int\u00e9grer le RGPD - Mediartis","description":"Re-visionnez cet atelier abordant toutes les probl\u00e9matiques soulev\u00e9es par la cr\u00e9ation de contenu audiovisuel en accord avec le RGPD.","robots":{"index":"index","follow":"follow","max-snippet":"max-snippet:-1","max-image-preview":"max-image-preview:large","max-video-preview":"max-video-preview:-1"},"canonical":"https:\/\/mediartis.com\/fr\/blog\/replay-laudio-dans-votre-communication-en-2021-comment-bien-integrer-le-rgpd\/","og_locale":"fr_FR","og_type":"article","og_title":"Replay \u2013 L\u2019audio dans votre communication en 2021, comment bien int\u00e9grer le RGPD - Mediartis","og_description":"Re-visionnez cet atelier abordant toutes les probl\u00e9matiques soulev\u00e9es par la cr\u00e9ation de contenu audiovisuel en accord avec le RGPD.","og_url":"https:\/\/mediartis.com\/fr\/blog\/replay-laudio-dans-votre-communication-en-2021-comment-bien-integrer-le-rgpd\/","og_site_name":"Mediartis","article_publisher":"https:\/\/www.facebook.com\/mediartisvoice","article_published_time":"2021-03-17T15:58:58+00:00","article_modified_time":"2021-03-17T16:43:14+00:00","og_image":[{"width":1024,"height":523,"url":"https:\/\/mediartis.com\/wp-content\/uploads\/2021\/03\/te\u0301le\u0301chargement-4-1024x523.png","type":"image\/png"}],"author":"Mediartis team","twitter_card":"summary_large_image","twitter_creator":"@Mediartis_","twitter_site":"@Mediartis_","twitter_misc":{"\u00c9crit par":"Mediartis team","Dur\u00e9e de lecture estim\u00e9e":"2 minutes"},"schema":{"@context":"https:\/\/schema.org","@graph":[{"@type":"Article","@id":"https:\/\/mediartis.com\/fr\/blog\/replay-laudio-dans-votre-communication-en-2021-comment-bien-integrer-le-rgpd\/#article","isPartOf":{"@id":"https:\/\/mediartis.com\/fr\/blog\/replay-laudio-dans-votre-communication-en-2021-comment-bien-integrer-le-rgpd\/"},"author":{"name":"Mediartis team","@id":"https:\/\/mediartis.com\/fr\/#\/schema\/person\/4f54e12f16923fd059d40494035a38a0"},"headline":"Replay \u2013 L\u2019audio dans votre communication en 2021, comment bien int\u00e9grer le RGPD","datePublished":"2021-03-17T15:58:58+00:00","dateModified":"2021-03-17T16:43:14+00:00","mainEntityOfPage":{"@id":"https:\/\/mediartis.com\/fr\/blog\/replay-laudio-dans-votre-communication-en-2021-comment-bien-integrer-le-rgpd\/"},"wordCount":323,"commentCount":0,"publisher":{"@id":"https:\/\/mediartis.com\/fr\/#organization"},"image":{"@id":"https:\/\/mediartis.com\/fr\/blog\/replay-laudio-dans-votre-communication-en-2021-comment-bien-integrer-le-rgpd\/#primaryimage"},"thumbnailUrl":"https:\/\/i0.wp.com\/mediartis.com\/wp-content\/uploads\/2021\/03\/te%CC%81le%CC%81chargement-4.png?fit=2544%2C1300&ssl=1","articleSection":["RGPD"],"inLanguage":"fr-FR","potentialAction":[{"@type":"CommentAction","name":"Comment","target":["https:\/\/mediartis.com\/fr\/blog\/replay-laudio-dans-votre-communication-en-2021-comment-bien-integrer-le-rgpd\/#respond"]}]},{"@type":"WebPage","@id":"https:\/\/mediartis.com\/fr\/blog\/replay-laudio-dans-votre-communication-en-2021-comment-bien-integrer-le-rgpd\/","url":"https:\/\/mediartis.com\/fr\/blog\/replay-laudio-dans-votre-communication-en-2021-comment-bien-integrer-le-rgpd\/","name":"Replay \u2013 L\u2019audio dans votre communication en 2021, comment bien int\u00e9grer le RGPD - Mediartis","isPartOf":{"@id":"https:\/\/mediartis.com\/fr\/#website"},"primaryImageOfPage":{"@id":"https:\/\/mediartis.com\/fr\/blog\/replay-laudio-dans-votre-communication-en-2021-comment-bien-integrer-le-rgpd\/#primaryimage"},"image":{"@id":"https:\/\/mediartis.com\/fr\/blog\/replay-laudio-dans-votre-communication-en-2021-comment-bien-integrer-le-rgpd\/#primaryimage"},"thumbnailUrl":"https:\/\/i0.wp.com\/mediartis.com\/wp-content\/uploads\/2021\/03\/te%CC%81le%CC%81chargement-4.png?fit=2544%2C1300&ssl=1","datePublished":"2021-03-17T15:58:58+00:00","dateModified":"2021-03-17T16:43:14+00:00","description":"Re-visionnez cet atelier abordant toutes les probl\u00e9matiques soulev\u00e9es par la cr\u00e9ation de contenu audiovisuel en accord avec le RGPD.","breadcrumb":{"@id":"https:\/\/mediartis.com\/fr\/blog\/replay-laudio-dans-votre-communication-en-2021-comment-bien-integrer-le-rgpd\/#breadcrumb"},"inLanguage":"fr-FR","potentialAction":[{"@type":"ReadAction","target":["https:\/\/mediartis.com\/fr\/blog\/replay-laudio-dans-votre-communication-en-2021-comment-bien-integrer-le-rgpd\/"]}]},{"@type":"ImageObject","inLanguage":"fr-FR","@id":"https:\/\/mediartis.com\/fr\/blog\/replay-laudio-dans-votre-communication-en-2021-comment-bien-integrer-le-rgpd\/#primaryimage","url":"https:\/\/i0.wp.com\/mediartis.com\/wp-content\/uploads\/2021\/03\/te%CC%81le%CC%81chargement-4.png?fit=2544%2C1300&ssl=1","contentUrl":"https:\/\/i0.wp.com\/mediartis.com\/wp-content\/uploads\/2021\/03\/te%CC%81le%CC%81chargement-4.png?fit=2544%2C1300&ssl=1","width":2544,"height":1300},{"@type":"BreadcrumbList","@id":"https:\/\/mediartis.com\/fr\/blog\/replay-laudio-dans-votre-communication-en-2021-comment-bien-integrer-le-rgpd\/#breadcrumb","itemListElement":[{"@type":"ListItem","position":1,"name":"Home","item":"https:\/\/mediartis.com\/"},{"@type":"ListItem","position":2,"name":"Replay \u2013 L\u2019audio dans votre communication en 2021, comment bien int\u00e9grer le RGPD"}]},{"@type":"WebSite","@id":"https:\/\/mediartis.com\/fr\/#website","url":"https:\/\/mediartis.com\/fr\/","name":"Mediartis.com","description":"Empowering the voice production industry","publisher":{"@id":"https:\/\/mediartis.com\/fr\/#organization"},"potentialAction":[{"@type":"SearchAction","target":{"@type":"EntryPoint","urlTemplate":"https:\/\/mediartis.com\/fr\/?s={search_term_string}"},"query-input":{"@type":"PropertyValueSpecification","valueRequired":true,"valueName":"search_term_string"}}],"inLanguage":"fr-FR"},{"@type":"Organization","@id":"https:\/\/mediartis.com\/fr\/#organization","name":"Mediartis","url":"https:\/\/mediartis.com\/fr\/","logo":{"@type":"ImageObject","inLanguage":"fr-FR","@id":"https:\/\/mediartis.com\/fr\/#\/schema\/logo\/image\/","url":"https:\/\/i0.wp.com\/mediartis.com\/wp-content\/uploads\/2019\/05\/Logo-MP-5x5cm.jpg?fit=591%2C448&ssl=1","contentUrl":"https:\/\/i0.wp.com\/mediartis.com\/wp-content\/uploads\/2019\/05\/Logo-MP-5x5cm.jpg?fit=591%2C448&ssl=1","width":591,"height":448,"caption":"Mediartis"},"image":{"@id":"https:\/\/mediartis.com\/fr\/#\/schema\/logo\/image\/"},"sameAs":["https:\/\/www.facebook.com\/mediartisvoice","https:\/\/x.com\/Mediartis_","https:\/\/www.linkedin.com\/company\/mediartis-voice\/","https:\/\/www.youtube.com\/channel\/UC452V2Jm7LpMXoUvmKMpOYA"]},{"@type":"Person","@id":"https:\/\/mediartis.com\/fr\/#\/schema\/person\/4f54e12f16923fd059d40494035a38a0","name":"Mediartis team","image":{"@type":"ImageObject","inLanguage":"fr-FR","@id":"https:\/\/secure.gravatar.com\/avatar\/8525c68792e445c8613346485b9a909d43dac17e0b8fc39aefa88551f2d4675e?s=96&d=identicon&r=g","url":"https:\/\/secure.gravatar.com\/avatar\/8525c68792e445c8613346485b9a909d43dac17e0b8fc39aefa88551f2d4675e?s=96&d=identicon&r=g","contentUrl":"https:\/\/secure.gravatar.com\/avatar\/8525c68792e445c8613346485b9a909d43dac17e0b8fc39aefa88551f2d4675e?s=96&d=identicon&r=g","caption":"Mediartis team"},"sameAs":["http:\/\/mediartisdotcom.wordpress.com"]}]}},"jetpack_featured_media_url":"https:\/\/i0.wp.com\/mediartis.com\/wp-content\/uploads\/2021\/03\/te%CC%81le%CC%81chargement-4.png?fit=2544%2C1300&ssl=1","uagb_featured_image_src":{"full":["https:\/\/i0.wp.com\/mediartis.com\/wp-content\/uploads\/2021\/03\/te%CC%81le%CC%81chargement-4.png?fit=2544%2C1300&ssl=1",2544,1300,false],"thumbnail":["https:\/\/i0.wp.com\/mediartis.com\/wp-content\/uploads\/2021\/03\/te%CC%81le%CC%81chargement-4.png?resize=150%2C150&ssl=1",150,150,true],"medium":["https:\/\/i0.wp.com\/mediartis.com\/wp-content\/uploads\/2021\/03\/te%CC%81le%CC%81chargement-4.png?fit=300%2C153&ssl=1",300,153,true],"medium_large":["https:\/\/i0.wp.com\/mediartis.com\/wp-content\/uploads\/2021\/03\/te%CC%81le%CC%81chargement-4.png?fit=768%2C392&ssl=1",768,392,true],"large":["https:\/\/i0.wp.com\/mediartis.com\/wp-content\/uploads\/2021\/03\/te%CC%81le%CC%81chargement-4.png?fit=800%2C409&ssl=1",800,409,true],"1536x1536":["https:\/\/i0.wp.com\/mediartis.com\/wp-content\/uploads\/2021\/03\/te%CC%81le%CC%81chargement-4.png?fit=1536%2C785&ssl=1",1536,785,true],"2048x2048":["https:\/\/i0.wp.com\/mediartis.com\/wp-content\/uploads\/2021\/03\/te%CC%81le%CC%81chargement-4.png?fit=2048%2C1047&ssl=1",2048,1047,true],"newspack-article-block-landscape-large":["https:\/\/i0.wp.com\/mediartis.com\/wp-content\/uploads\/2021\/03\/te%CC%81le%CC%81chargement-4.png?resize=1200%2C900&ssl=1",1200,900,true],"newspack-article-block-portrait-large":["https:\/\/i0.wp.com\/mediartis.com\/wp-content\/uploads\/2021\/03\/te%CC%81le%CC%81chargement-4.png?resize=900%2C1200&ssl=1",900,1200,true],"newspack-article-block-square-large":["https:\/\/i0.wp.com\/mediartis.com\/wp-content\/uploads\/2021\/03\/te%CC%81le%CC%81chargement-4.png?resize=1200%2C1200&ssl=1",1200,1200,true],"newspack-article-block-landscape-medium":["https:\/\/i0.wp.com\/mediartis.com\/wp-content\/uploads\/2021\/03\/te%CC%81le%CC%81chargement-4.png?resize=800%2C600&ssl=1",800,600,true],"newspack-article-block-portrait-medium":["https:\/\/i0.wp.com\/mediartis.com\/wp-content\/uploads\/2021\/03\/te%CC%81le%CC%81chargement-4.png?resize=600%2C800&ssl=1",600,800,true],"newspack-article-block-square-medium":["https:\/\/i0.wp.com\/mediartis.com\/wp-content\/uploads\/2021\/03\/te%CC%81le%CC%81chargement-4.png?resize=800%2C800&ssl=1",800,800,true],"newspack-article-block-landscape-intermediate":["https:\/\/i0.wp.com\/mediartis.com\/wp-content\/uploads\/2021\/03\/te%CC%81le%CC%81chargement-4.png?resize=600%2C450&ssl=1",600,450,true],"newspack-article-block-portrait-intermediate":["https:\/\/i0.wp.com\/mediartis.com\/wp-content\/uploads\/2021\/03\/te%CC%81le%CC%81chargement-4.png?resize=450%2C600&ssl=1",450,600,true],"newspack-article-block-square-intermediate":["https:\/\/i0.wp.com\/mediartis.com\/wp-content\/uploads\/2021\/03\/te%CC%81le%CC%81chargement-4.png?resize=600%2C600&ssl=1",600,600,true],"newspack-article-block-landscape-small":["https:\/\/i0.wp.com\/mediartis.com\/wp-content\/uploads\/2021\/03\/te%CC%81le%CC%81chargement-4.png?resize=400%2C300&ssl=1",400,300,true],"newspack-article-block-portrait-small":["https:\/\/i0.wp.com\/mediartis.com\/wp-content\/uploads\/2021\/03\/te%CC%81le%CC%81chargement-4.png?resize=300%2C400&ssl=1",300,400,true],"newspack-article-block-square-small":["https:\/\/i0.wp.com\/mediartis.com\/wp-content\/uploads\/2021\/03\/te%CC%81le%CC%81chargement-4.png?resize=400%2C400&ssl=1",400,400,true],"newspack-article-block-landscape-tiny":["https:\/\/i0.wp.com\/mediartis.com\/wp-content\/uploads\/2021\/03\/te%CC%81le%CC%81chargement-4.png?resize=200%2C150&ssl=1",200,150,true],"newspack-article-block-portrait-tiny":["https:\/\/i0.wp.com\/mediartis.com\/wp-content\/uploads\/2021\/03\/te%CC%81le%CC%81chargement-4.png?resize=150%2C200&ssl=1",150,200,true],"newspack-article-block-square-tiny":["https:\/\/i0.wp.com\/mediartis.com\/wp-content\/uploads\/2021\/03\/te%CC%81le%CC%81chargement-4.png?resize=200%2C200&ssl=1",200,200,true],"newspack-article-block-uncropped":["https:\/\/i0.wp.com\/mediartis.com\/wp-content\/uploads\/2021\/03\/te%CC%81le%CC%81chargement-4.png?fit=1200%2C613&ssl=1",1200,613,true]},"uagb_author_info":{"display_name":"Mediartis team","author_link":"https:\/\/mediartis.com\/fr\/blog\/author\/gdpepettes\/"},"uagb_comment_info":0,"uagb_excerpt":"Re-visionnez dans son int\u00e9gralit\u00e9 cet atelier abordant toutes les probl\u00e9matiques soulev\u00e9es par la cr\u00e9ation de contenu audiovisuel et publicitaire en accord avec le RGPD. Le mardi 9 mars 2021, Dominique Scalia, Pr\u00e9sident de l\u2019Observatoire COM MEDIA, animait un atelier avec C\u00e9cile Limal, CEO de&nbsp;Mediartis&nbsp;&amp;&nbsp;Voxing Pro, Henri Leben, Avocat \u00e0 la cour et fondateur de Leben\u2026","jetpack_shortlink":"https:\/\/wp.me\/paU50c-3lZ","jetpack_sharing_enabled":true,"amp_enabled":true,"_links":{"self":[{"href":"https:\/\/mediartis.com\/fr\/wp-json\/wp\/v2\/posts\/12895","targetHints":{"allow":["GET"]}}],"collection":[{"href":"https:\/\/mediartis.com\/fr\/wp-json\/wp\/v2\/posts"}],"about":[{"href":"https:\/\/mediartis.com\/fr\/wp-json\/wp\/v2\/types\/post"}],"author":[{"embeddable":true,"href":"https:\/\/mediartis.com\/fr\/wp-json\/wp\/v2\/users\/156149975"}],"replies":[{"embeddable":true,"href":"https:\/\/mediartis.com\/fr\/wp-json\/wp\/v2\/comments?post=12895"}],"version-history":[{"count":9,"href":"https:\/\/mediartis.com\/fr\/wp-json\/wp\/v2\/posts\/12895\/revisions"}],"predecessor-version":[{"id":12911,"href":"https:\/\/mediartis.com\/fr\/wp-json\/wp\/v2\/posts\/12895\/revisions\/12911"}],"wp:featuredmedia":[{"embeddable":true,"href":"https:\/\/mediartis.com\/fr\/wp-json\/wp\/v2\/media\/12902"}],"wp:attachment":[{"href":"https:\/\/mediartis.com\/fr\/wp-json\/wp\/v2\/media?parent=12895"}],"wp:term":[{"taxonomy":"category","embeddable":true,"href":"https:\/\/mediartis.com\/fr\/wp-json\/wp\/v2\/categories?post=12895"},{"taxonomy":"post_tag","embeddable":true,"href":"https:\/\/mediartis.com\/fr\/wp-json\/wp\/v2\/tags?post=12895"}],"curies":[{"name":"wp","href":"https:\/\/api.w.org\/{rel}","templated":true}]}}