{"id":16349,"date":"2021-10-07T14:34:33","date_gmt":"2021-10-07T13:34:33","guid":{"rendered":"https:\/\/mediartis.com\/?p=16349"},"modified":"2021-10-11T13:56:27","modified_gmt":"2021-10-11T12:56:27","slug":"bases-de-donnees-medias-illegalite","status":"publish","type":"post","link":"https:\/\/mediartis.com\/fr\/blog\/bases-de-donnees-medias-illegalite\/","title":{"rendered":"Bases de donn\u00e9es m\u00e9dias, \u00eates-vous dans l\u2019ill\u00e9galit\u00e9 ?"},"content":{"rendered":"\n<h3 class=\"wp-block-heading\" style=\"line-height:2\"><strong>Un secteur audiovisuel fragile face \u00e0 la r\u00e9glementation<\/strong><\/h3>\n\n\n\n<p class=\"wp-block-paragraph\" style=\"line-height:2\">Ce secteur cr\u00e9atif n\u2019a pas encore pris toute la mesure du RGPD, notamment dans ses processus de production et dans sa gestion des donn\u00e9es des artistes et techniciens.<\/p>\n\n\n\n<p class=\"wp-block-paragraph\" style=\"line-height:2\">En effet, bien que les informations sur le RGPD circulent depuis mai 2018, les soci\u00e9t\u00e9s de production et de post-production n\u00e9gligent le risque repr\u00e9sent\u00e9 en g\u00e9n\u00e9ral par le RGPD et en particulier par la conservation de leurs bases de donn\u00e9es d&#8217;artistes. Celles-ci comprennent des donn\u00e9es personnelles classiques et des m\u00e9dias constituant les portfolios de <a href=\"https:\/\/mediartis.com\/fr\/blog\/voix-donnee-personnelle\/\">m\u00e9dias audios<\/a>, vid\u00e9os et photos. Ce sont aussi des donn\u00e9es personnelles comme l&#8217;a confirm\u00e9 la CNIL au travers de ses articles sur la voix, la CNIL slov\u00e8ne \u00e0 propos des photos etc.<\/p>\n\n\n\n<h3 class=\"wp-block-heading\" style=\"line-height:2\"><strong>Quand les donn\u00e9es sont une richesse&#8230; et risquent d&#8217;\u00eatre supprim\u00e9es<\/strong><\/h3>\n\n\n\n<p class=\"wp-block-paragraph\" style=\"line-height:2\">Ces bases de donn\u00e9es sont un outil particuli\u00e8rement pr\u00e9cieux pour trouver l\u2019artiste id\u00e9al, qu\u2019il soit com\u00e9dien voix, mannequin pour une publicit\u00e9, ing\u00e9nieur du son, d\u00e9corateur ou r\u00e9alisateur. C\u2019est pour cette raison qu\u2019elles sont stock\u00e9es sur des dur\u00e9es tr\u00e8s longues. Elles constituent le capital humain et la richesse artistique de la soci\u00e9t\u00e9 qui les utilise.<\/p>\n\n\n\n<p class=\"wp-block-paragraph\" style=\"line-height:2\">Mais dans 95% des cas, la conformit\u00e9 au RGPD n\u2019a pas \u00e9t\u00e9 int\u00e9gr\u00e9e dans le fonctionnement de ces bases. La soci\u00e9t\u00e9 risque donc de voir ses bases de donn\u00e9es supprim\u00e9es en cas de contr\u00f4le de la CNIL, comme cela a eu lieu pour <a href=\"https:\/\/ico.org.uk\/about-the-ico\/news-and-events\/news-and-blogs\/2019\/05\/ico-says-that-voice-data-collected-unlawfully-by-hmrc-should-be-deleted\/\" target=\"_blank\" rel=\"noopener\">HMRC<\/a> (5 millions d&#8217;extraits de voix) ou r\u00e9cemment une <a href=\"https:\/\/edpb.europa.eu\/news\/national-news\/2021\/slovenian-sa-orders-controller-delete-collection-88-photos-according_fr\" target=\"_blank\" rel=\"noopener\">soci\u00e9t\u00e9 de production<\/a> de m\u00e9dias (90 photos supprim\u00e9es).<\/p>\n\n\n\n<h3 class=\"wp-block-heading\" style=\"line-height:2\"><strong>Des condamnations, pourquoi ?&nbsp;<\/strong><\/h3>\n\n\n\n<p class=\"wp-block-paragraph\" style=\"line-height:2\">Il est n\u00e9cessaire de bien comprendre <a href=\"https:\/\/mediartis.com\/fr\/blog\/replay-laudio-dans-votre-communication-en-2021-comment-bien-integrer-le-rgpd\/\">les imp\u00e9ratifs du RGPD<\/a>. Car comme le notait <strong>Etienne Papin<\/strong> dans un r\u00e9cent article du <a href=\"https:\/\/www.lemondeinformatique.fr\/actualites\/lire-faire-de-la-conformite-au-rgpd-autre-chose-que-de-la-paperasse-84324.html\">Monde Informatique<\/a>, il ne suffit pas de peaufiner ses registres de traitement et ses CGU pour \u00eatre conforme. <em>\u201cS\u00e9curit\u00e9 des donn\u00e9es, pertinence des donn\u00e9es collect\u00e9es, dur\u00e9e de conservation des donn\u00e9es sont les trois principales sources de non-conformit\u00e9 au RGPD et de sanctions de la CNIL\u201d<\/em>. Il y ajoute le d\u00e9faut d\u2019information des personnes concern\u00e9es et le d\u00e9faut de consentement.<\/p>\n\n\n\n<h3 class=\"wp-block-heading\" style=\"line-height:2\"><strong>Comment g\u00e9rer ces donn\u00e9es ?<\/strong><\/h3>\n\n\n\n<p class=\"wp-block-paragraph\" style=\"line-height:2\">Le journaliste invite \u00e0 profiter du RGPD pour inventer une <strong><em>\u00ab conformit\u00e9 RGPD &#8220;informatis\u00e9e&#8221; \u00bb<\/em><\/strong>, seule en mesure de g\u00e9rer les dur\u00e9es de conservation, l&#8217;archivage automatique, l&#8217;anonymisation, la suppression des donn\u00e9es.<\/p>\n\n\n\n<h3 class=\"wp-block-heading\" style=\"line-height:2\"><strong>Plaintes et d\u00e9nonciations, des raisons de s&#8217;inqui\u00e9ter<\/strong><\/h3>\n\n\n\n<p class=\"wp-block-paragraph\" style=\"line-height:2\">Rappelons que les proc\u00e9dures sont souvent d\u00e9clench\u00e9es par des plaintes ou des d\u00e9nonciations de concurrents ! Un artiste f\u00e2ch\u00e9, un employ\u00e9 ind\u00e9licat ou un concurrent envieux peuvent attirer les regards sur une soci\u00e9t\u00e9 non conforme. Est-ce un risque inexistant ? Non !<\/p>\n\n\n\n<p class=\"wp-block-paragraph\" style=\"line-height:2\">Toute l&#8217;industrie de l&#8217;Entertainment &#8211; Producteurs, Editeurs, Directeurs Artistiques, Studios, Agents &#8211; doit donc se soucier rapidement de ses bases de donn\u00e9es d&#8217;artistes et techniciens.<\/p>\n\n\n\n<p class=\"wp-block-paragraph\" style=\"line-height:2\">Si certains esp\u00e8rent encore passer sous les radars, il est \u00e0 noter que la CNIL recrute afin d&#8217;\u00e9toffer nettement l&#8217;effectif op\u00e9rationnel de la <a href=\"https:\/\/www.cnil.fr\/sites\/default\/files\/atoms\/files\/organigramme_2020.pdf\">DP<\/a><a href=\"https:\/\/www.cnil.fr\/sites\/default\/files\/atoms\/files\/organigramme_2020.pdf\" target=\"_blank\" rel=\"noreferrer noopener\">D<\/a><a href=\"https:\/\/www.cnil.fr\/sites\/default\/files\/atoms\/files\/organigramme_2020.pdf\">S<\/a> charg\u00e9e des sanctions. Il est donc pr\u00e9f\u00e9rable de miser sur la valeur ajout\u00e9e d&#8217;une conformit\u00e9 affich\u00e9e aupr\u00e8s des clients, pour se tailler la part belle dans des march\u00e9s ultra concurrentiels<\/p>\n\n\n\n<p class=\"wp-block-paragraph\" style=\"line-height:2;font-size:11px\"><em>Toutes ces informations sont donn\u00e9es \u00e0 titre indicatif et ne sauraient remplacer une consultation <\/em>juridique<\/p>\n","protected":false},"excerpt":{"rendered":"<p>Un secteur audiovisuel fragile face \u00e0 la r\u00e9glementation Ce secteur cr\u00e9atif n\u2019a pas encore pris toute la mesure du RGPD, notamment dans ses processus de production et dans sa gestion des donn\u00e9es des artistes et techniciens. En effet, bien que les informations sur le RGPD circulent depuis mai 2018, les soci\u00e9t\u00e9s de production et de [&hellip;]<\/p>\n","protected":false},"author":156149980,"featured_media":13113,"comment_status":"open","ping_status":"open","sticky":false,"template":"","format":"standard","meta":{"_coblocks_attr":"","_coblocks_dimensions":"","_coblocks_responsive_height":"","_coblocks_accordion_ie_support":"","_crdt_document":"","content-type":"","_uag_custom_page_level_css":"","_jetpack_newsletter_access":"","_jetpack_dont_email_post_to_subs":false,"_jetpack_newsletter_tier_id":0,"_jetpack_memberships_contains_paywalled_content":false,"_jetpack_memberships_contains_paid_content":false,"footnotes":"","jetpack_post_was_ever_published":false},"categories":[35912],"tags":[36076,35947,36075,36078,36171,35925,36170,36091,36074],"class_list":["post-16349","post","type-post","status-publish","format-standard","has-post-thumbnail","hentry","category-rgpd","tag-casting","tag-cnil","tag-dubbing","tag-gdpr","tag-lemonde","tag-mediartis","tag-mondeinformatique","tag-voice-casting-fr","tag-voiceover"],"yoast_head":"<!-- This site is optimized with the Yoast SEO plugin v27.5 - https:\/\/yoast.com\/product\/yoast-seo-wordpress\/ -->\n<title>Bases de donn\u00e9es m\u00e9dias, \u00eates-vous dans l\u2019ill\u00e9galit\u00e9 ? - Mediartis<\/title>\n<meta name=\"description\" content=\"L&#039;Audiovisuel utilise des bases de donn\u00e9es d&#039;artistes et de m\u00e9dias les concernant, \u00e0 risques par rapport au RGPD. Le Monde Informatique rappelle que la gestion des donn\u00e9es personnelles est le point faible des entreprises et conseille une solution num\u00e9rique !\" \/>\n<meta name=\"robots\" content=\"index, follow, max-snippet:-1, max-image-preview:large, max-video-preview:-1\" \/>\n<link rel=\"canonical\" href=\"https:\/\/mediartis.com\/fr\/blog\/bases-de-donnees-medias-illegalite\/\" \/>\n<meta property=\"og:locale\" content=\"fr_FR\" \/>\n<meta property=\"og:type\" content=\"article\" \/>\n<meta property=\"og:title\" content=\"Bases de donn\u00e9es m\u00e9dias, \u00eates-vous dans l\u2019ill\u00e9galit\u00e9 ? - Mediartis\" \/>\n<meta property=\"og:description\" content=\"L&#039;Audiovisuel utilise des bases de donn\u00e9es d&#039;artistes et de m\u00e9dias les concernant, \u00e0 risques par rapport au RGPD. Le Monde Informatique rappelle que la gestion des donn\u00e9es personnelles est le point faible des entreprises et conseille une solution num\u00e9rique !\" \/>\n<meta property=\"og:url\" content=\"https:\/\/mediartis.com\/fr\/blog\/bases-de-donnees-medias-illegalite\/\" \/>\n<meta property=\"og:site_name\" content=\"Mediartis\" \/>\n<meta property=\"article:publisher\" content=\"https:\/\/www.facebook.com\/mediartisvoice\" \/>\n<meta property=\"article:published_time\" content=\"2021-10-07T13:34:33+00:00\" \/>\n<meta property=\"article:modified_time\" content=\"2021-10-11T12:56:27+00:00\" \/>\n<meta property=\"og:image\" content=\"https:\/\/i1.wp.com\/mediartis.com\/wp-content\/uploads\/2021\/04\/Asset-Management-Mediartis.jpg?fit=2880%2C1920&ssl=1\" \/>\n\t<meta property=\"og:image:width\" content=\"2880\" \/>\n\t<meta property=\"og:image:height\" content=\"1920\" \/>\n\t<meta property=\"og:image:type\" content=\"image\/jpeg\" \/>\n<meta name=\"author\" content=\"cecilelimal\" \/>\n<meta name=\"twitter:card\" content=\"summary_large_image\" \/>\n<meta name=\"twitter:creator\" content=\"@Mediartis_\" \/>\n<meta name=\"twitter:site\" content=\"@Mediartis_\" \/>\n<meta name=\"twitter:label1\" content=\"\u00c9crit par\" \/>\n\t<meta name=\"twitter:data1\" content=\"cecilelimal\" \/>\n\t<meta name=\"twitter:label2\" content=\"Dur\u00e9e de lecture estim\u00e9e\" \/>\n\t<meta name=\"twitter:data2\" content=\"3 minutes\" \/>\n<script type=\"application\/ld+json\" class=\"yoast-schema-graph\">{\"@context\":\"https:\\\/\\\/schema.org\",\"@graph\":[{\"@type\":\"TechArticle\",\"@id\":\"https:\\\/\\\/mediartis.com\\\/fr\\\/blog\\\/bases-de-donnees-medias-illegalite\\\/#article\",\"isPartOf\":{\"@id\":\"https:\\\/\\\/mediartis.com\\\/fr\\\/blog\\\/bases-de-donnees-medias-illegalite\\\/\"},\"author\":{\"name\":\"cecilelimal\",\"@id\":\"https:\\\/\\\/mediartis.com\\\/fr\\\/#\\\/schema\\\/person\\\/5a565247f51f668c91f48bbd17204325\"},\"headline\":\"Bases de donn\u00e9es m\u00e9dias, \u00eates-vous dans l\u2019ill\u00e9galit\u00e9 ?\",\"datePublished\":\"2021-10-07T13:34:33+00:00\",\"dateModified\":\"2021-10-11T12:56:27+00:00\",\"mainEntityOfPage\":{\"@id\":\"https:\\\/\\\/mediartis.com\\\/fr\\\/blog\\\/bases-de-donnees-medias-illegalite\\\/\"},\"wordCount\":605,\"commentCount\":0,\"publisher\":{\"@id\":\"https:\\\/\\\/mediartis.com\\\/fr\\\/#organization\"},\"image\":{\"@id\":\"https:\\\/\\\/mediartis.com\\\/fr\\\/blog\\\/bases-de-donnees-medias-illegalite\\\/#primaryimage\"},\"thumbnailUrl\":\"https:\\\/\\\/i0.wp.com\\\/mediartis.com\\\/wp-content\\\/uploads\\\/2021\\\/04\\\/Asset-Management-Mediartis.jpg?fit=2880%2C1920&ssl=1\",\"keywords\":[\"casting\",\"CNIL\",\"dubbing\",\"gdpr\",\"lemonde\",\"Mediartis\",\"mondeinformatique\",\"voice casting\",\"voiceover\"],\"articleSection\":[\"RGPD\"],\"inLanguage\":\"fr-FR\",\"potentialAction\":[{\"@type\":\"CommentAction\",\"name\":\"Comment\",\"target\":[\"https:\\\/\\\/mediartis.com\\\/fr\\\/blog\\\/bases-de-donnees-medias-illegalite\\\/#respond\"]}]},{\"@type\":\"WebPage\",\"@id\":\"https:\\\/\\\/mediartis.com\\\/fr\\\/blog\\\/bases-de-donnees-medias-illegalite\\\/\",\"url\":\"https:\\\/\\\/mediartis.com\\\/fr\\\/blog\\\/bases-de-donnees-medias-illegalite\\\/\",\"name\":\"Bases de donn\u00e9es m\u00e9dias, \u00eates-vous dans l\u2019ill\u00e9galit\u00e9 ? - Mediartis\",\"isPartOf\":{\"@id\":\"https:\\\/\\\/mediartis.com\\\/fr\\\/#website\"},\"primaryImageOfPage\":{\"@id\":\"https:\\\/\\\/mediartis.com\\\/fr\\\/blog\\\/bases-de-donnees-medias-illegalite\\\/#primaryimage\"},\"image\":{\"@id\":\"https:\\\/\\\/mediartis.com\\\/fr\\\/blog\\\/bases-de-donnees-medias-illegalite\\\/#primaryimage\"},\"thumbnailUrl\":\"https:\\\/\\\/i0.wp.com\\\/mediartis.com\\\/wp-content\\\/uploads\\\/2021\\\/04\\\/Asset-Management-Mediartis.jpg?fit=2880%2C1920&ssl=1\",\"datePublished\":\"2021-10-07T13:34:33+00:00\",\"dateModified\":\"2021-10-11T12:56:27+00:00\",\"description\":\"L'Audiovisuel utilise des bases de donn\u00e9es d'artistes et de m\u00e9dias les concernant, \u00e0 risques par rapport au RGPD. Le Monde Informatique rappelle que la gestion des donn\u00e9es personnelles est le point faible des entreprises et conseille une solution num\u00e9rique !\",\"breadcrumb\":{\"@id\":\"https:\\\/\\\/mediartis.com\\\/fr\\\/blog\\\/bases-de-donnees-medias-illegalite\\\/#breadcrumb\"},\"inLanguage\":\"fr-FR\",\"potentialAction\":[{\"@type\":\"ReadAction\",\"target\":[\"https:\\\/\\\/mediartis.com\\\/fr\\\/blog\\\/bases-de-donnees-medias-illegalite\\\/\"]}]},{\"@type\":\"ImageObject\",\"inLanguage\":\"fr-FR\",\"@id\":\"https:\\\/\\\/mediartis.com\\\/fr\\\/blog\\\/bases-de-donnees-medias-illegalite\\\/#primaryimage\",\"url\":\"https:\\\/\\\/i0.wp.com\\\/mediartis.com\\\/wp-content\\\/uploads\\\/2021\\\/04\\\/Asset-Management-Mediartis.jpg?fit=2880%2C1920&ssl=1\",\"contentUrl\":\"https:\\\/\\\/i0.wp.com\\\/mediartis.com\\\/wp-content\\\/uploads\\\/2021\\\/04\\\/Asset-Management-Mediartis.jpg?fit=2880%2C1920&ssl=1\",\"width\":2880,\"height\":1920},{\"@type\":\"BreadcrumbList\",\"@id\":\"https:\\\/\\\/mediartis.com\\\/fr\\\/blog\\\/bases-de-donnees-medias-illegalite\\\/#breadcrumb\",\"itemListElement\":[{\"@type\":\"ListItem\",\"position\":1,\"name\":\"Home\",\"item\":\"https:\\\/\\\/mediartis.com\\\/\"},{\"@type\":\"ListItem\",\"position\":2,\"name\":\"Bases de donn\u00e9es m\u00e9dias, \u00eates-vous dans l\u2019ill\u00e9galit\u00e9 ?\"}]},{\"@type\":\"WebSite\",\"@id\":\"https:\\\/\\\/mediartis.com\\\/fr\\\/#website\",\"url\":\"https:\\\/\\\/mediartis.com\\\/fr\\\/\",\"name\":\"Mediartis.com\",\"description\":\"Empowering the voice production industry\",\"publisher\":{\"@id\":\"https:\\\/\\\/mediartis.com\\\/fr\\\/#organization\"},\"potentialAction\":[{\"@type\":\"SearchAction\",\"target\":{\"@type\":\"EntryPoint\",\"urlTemplate\":\"https:\\\/\\\/mediartis.com\\\/fr\\\/?s={search_term_string}\"},\"query-input\":{\"@type\":\"PropertyValueSpecification\",\"valueRequired\":true,\"valueName\":\"search_term_string\"}}],\"inLanguage\":\"fr-FR\"},{\"@type\":\"Organization\",\"@id\":\"https:\\\/\\\/mediartis.com\\\/fr\\\/#organization\",\"name\":\"Mediartis\",\"url\":\"https:\\\/\\\/mediartis.com\\\/fr\\\/\",\"logo\":{\"@type\":\"ImageObject\",\"inLanguage\":\"fr-FR\",\"@id\":\"https:\\\/\\\/mediartis.com\\\/fr\\\/#\\\/schema\\\/logo\\\/image\\\/\",\"url\":\"https:\\\/\\\/i0.wp.com\\\/mediartis.com\\\/wp-content\\\/uploads\\\/2019\\\/05\\\/Logo-MP-5x5cm.jpg?fit=591%2C448&ssl=1\",\"contentUrl\":\"https:\\\/\\\/i0.wp.com\\\/mediartis.com\\\/wp-content\\\/uploads\\\/2019\\\/05\\\/Logo-MP-5x5cm.jpg?fit=591%2C448&ssl=1\",\"width\":591,\"height\":448,\"caption\":\"Mediartis\"},\"image\":{\"@id\":\"https:\\\/\\\/mediartis.com\\\/fr\\\/#\\\/schema\\\/logo\\\/image\\\/\"},\"sameAs\":[\"https:\\\/\\\/www.facebook.com\\\/mediartisvoice\",\"https:\\\/\\\/x.com\\\/Mediartis_\",\"https:\\\/\\\/www.linkedin.com\\\/company\\\/mediartis-voice\\\/\",\"https:\\\/\\\/www.youtube.com\\\/channel\\\/UC452V2Jm7LpMXoUvmKMpOYA\"]},{\"@type\":\"Person\",\"@id\":\"https:\\\/\\\/mediartis.com\\\/fr\\\/#\\\/schema\\\/person\\\/5a565247f51f668c91f48bbd17204325\",\"name\":\"cecilelimal\",\"image\":{\"@type\":\"ImageObject\",\"inLanguage\":\"fr-FR\",\"@id\":\"https:\\\/\\\/secure.gravatar.com\\\/avatar\\\/1ca5a2471f697dd95ca74e0f457b8bbbae68a5bd1965d220106365dc04704d36?s=96&d=identicon&r=g\",\"url\":\"https:\\\/\\\/secure.gravatar.com\\\/avatar\\\/1ca5a2471f697dd95ca74e0f457b8bbbae68a5bd1965d220106365dc04704d36?s=96&d=identicon&r=g\",\"contentUrl\":\"https:\\\/\\\/secure.gravatar.com\\\/avatar\\\/1ca5a2471f697dd95ca74e0f457b8bbbae68a5bd1965d220106365dc04704d36?s=96&d=identicon&r=g\",\"caption\":\"cecilelimal\"}}]}<\/script>\n<!-- \/ Yoast SEO plugin. -->","yoast_head_json":{"title":"Bases de donn\u00e9es m\u00e9dias, \u00eates-vous dans l\u2019ill\u00e9galit\u00e9 ? - Mediartis","description":"L'Audiovisuel utilise des bases de donn\u00e9es d'artistes et de m\u00e9dias les concernant, \u00e0 risques par rapport au RGPD. Le Monde Informatique rappelle que la gestion des donn\u00e9es personnelles est le point faible des entreprises et conseille une solution num\u00e9rique !","robots":{"index":"index","follow":"follow","max-snippet":"max-snippet:-1","max-image-preview":"max-image-preview:large","max-video-preview":"max-video-preview:-1"},"canonical":"https:\/\/mediartis.com\/fr\/blog\/bases-de-donnees-medias-illegalite\/","og_locale":"fr_FR","og_type":"article","og_title":"Bases de donn\u00e9es m\u00e9dias, \u00eates-vous dans l\u2019ill\u00e9galit\u00e9 ? - Mediartis","og_description":"L'Audiovisuel utilise des bases de donn\u00e9es d'artistes et de m\u00e9dias les concernant, \u00e0 risques par rapport au RGPD. Le Monde Informatique rappelle que la gestion des donn\u00e9es personnelles est le point faible des entreprises et conseille une solution num\u00e9rique !","og_url":"https:\/\/mediartis.com\/fr\/blog\/bases-de-donnees-medias-illegalite\/","og_site_name":"Mediartis","article_publisher":"https:\/\/www.facebook.com\/mediartisvoice","article_published_time":"2021-10-07T13:34:33+00:00","article_modified_time":"2021-10-11T12:56:27+00:00","og_image":[{"width":2880,"height":1920,"url":"https:\/\/i1.wp.com\/mediartis.com\/wp-content\/uploads\/2021\/04\/Asset-Management-Mediartis.jpg?fit=2880%2C1920&ssl=1","type":"image\/jpeg"}],"author":"cecilelimal","twitter_card":"summary_large_image","twitter_creator":"@Mediartis_","twitter_site":"@Mediartis_","twitter_misc":{"\u00c9crit par":"cecilelimal","Dur\u00e9e de lecture estim\u00e9e":"3 minutes"},"schema":{"@context":"https:\/\/schema.org","@graph":[{"@type":"TechArticle","@id":"https:\/\/mediartis.com\/fr\/blog\/bases-de-donnees-medias-illegalite\/#article","isPartOf":{"@id":"https:\/\/mediartis.com\/fr\/blog\/bases-de-donnees-medias-illegalite\/"},"author":{"name":"cecilelimal","@id":"https:\/\/mediartis.com\/fr\/#\/schema\/person\/5a565247f51f668c91f48bbd17204325"},"headline":"Bases de donn\u00e9es m\u00e9dias, \u00eates-vous dans l\u2019ill\u00e9galit\u00e9 ?","datePublished":"2021-10-07T13:34:33+00:00","dateModified":"2021-10-11T12:56:27+00:00","mainEntityOfPage":{"@id":"https:\/\/mediartis.com\/fr\/blog\/bases-de-donnees-medias-illegalite\/"},"wordCount":605,"commentCount":0,"publisher":{"@id":"https:\/\/mediartis.com\/fr\/#organization"},"image":{"@id":"https:\/\/mediartis.com\/fr\/blog\/bases-de-donnees-medias-illegalite\/#primaryimage"},"thumbnailUrl":"https:\/\/i0.wp.com\/mediartis.com\/wp-content\/uploads\/2021\/04\/Asset-Management-Mediartis.jpg?fit=2880%2C1920&ssl=1","keywords":["casting","CNIL","dubbing","gdpr","lemonde","Mediartis","mondeinformatique","voice casting","voiceover"],"articleSection":["RGPD"],"inLanguage":"fr-FR","potentialAction":[{"@type":"CommentAction","name":"Comment","target":["https:\/\/mediartis.com\/fr\/blog\/bases-de-donnees-medias-illegalite\/#respond"]}]},{"@type":"WebPage","@id":"https:\/\/mediartis.com\/fr\/blog\/bases-de-donnees-medias-illegalite\/","url":"https:\/\/mediartis.com\/fr\/blog\/bases-de-donnees-medias-illegalite\/","name":"Bases de donn\u00e9es m\u00e9dias, \u00eates-vous dans l\u2019ill\u00e9galit\u00e9 ? - Mediartis","isPartOf":{"@id":"https:\/\/mediartis.com\/fr\/#website"},"primaryImageOfPage":{"@id":"https:\/\/mediartis.com\/fr\/blog\/bases-de-donnees-medias-illegalite\/#primaryimage"},"image":{"@id":"https:\/\/mediartis.com\/fr\/blog\/bases-de-donnees-medias-illegalite\/#primaryimage"},"thumbnailUrl":"https:\/\/i0.wp.com\/mediartis.com\/wp-content\/uploads\/2021\/04\/Asset-Management-Mediartis.jpg?fit=2880%2C1920&ssl=1","datePublished":"2021-10-07T13:34:33+00:00","dateModified":"2021-10-11T12:56:27+00:00","description":"L'Audiovisuel utilise des bases de donn\u00e9es d'artistes et de m\u00e9dias les concernant, \u00e0 risques par rapport au RGPD. Le Monde Informatique rappelle que la gestion des donn\u00e9es personnelles est le point faible des entreprises et conseille une solution num\u00e9rique !","breadcrumb":{"@id":"https:\/\/mediartis.com\/fr\/blog\/bases-de-donnees-medias-illegalite\/#breadcrumb"},"inLanguage":"fr-FR","potentialAction":[{"@type":"ReadAction","target":["https:\/\/mediartis.com\/fr\/blog\/bases-de-donnees-medias-illegalite\/"]}]},{"@type":"ImageObject","inLanguage":"fr-FR","@id":"https:\/\/mediartis.com\/fr\/blog\/bases-de-donnees-medias-illegalite\/#primaryimage","url":"https:\/\/i0.wp.com\/mediartis.com\/wp-content\/uploads\/2021\/04\/Asset-Management-Mediartis.jpg?fit=2880%2C1920&ssl=1","contentUrl":"https:\/\/i0.wp.com\/mediartis.com\/wp-content\/uploads\/2021\/04\/Asset-Management-Mediartis.jpg?fit=2880%2C1920&ssl=1","width":2880,"height":1920},{"@type":"BreadcrumbList","@id":"https:\/\/mediartis.com\/fr\/blog\/bases-de-donnees-medias-illegalite\/#breadcrumb","itemListElement":[{"@type":"ListItem","position":1,"name":"Home","item":"https:\/\/mediartis.com\/"},{"@type":"ListItem","position":2,"name":"Bases de donn\u00e9es m\u00e9dias, \u00eates-vous dans l\u2019ill\u00e9galit\u00e9 ?"}]},{"@type":"WebSite","@id":"https:\/\/mediartis.com\/fr\/#website","url":"https:\/\/mediartis.com\/fr\/","name":"Mediartis.com","description":"Empowering the voice production industry","publisher":{"@id":"https:\/\/mediartis.com\/fr\/#organization"},"potentialAction":[{"@type":"SearchAction","target":{"@type":"EntryPoint","urlTemplate":"https:\/\/mediartis.com\/fr\/?s={search_term_string}"},"query-input":{"@type":"PropertyValueSpecification","valueRequired":true,"valueName":"search_term_string"}}],"inLanguage":"fr-FR"},{"@type":"Organization","@id":"https:\/\/mediartis.com\/fr\/#organization","name":"Mediartis","url":"https:\/\/mediartis.com\/fr\/","logo":{"@type":"ImageObject","inLanguage":"fr-FR","@id":"https:\/\/mediartis.com\/fr\/#\/schema\/logo\/image\/","url":"https:\/\/i0.wp.com\/mediartis.com\/wp-content\/uploads\/2019\/05\/Logo-MP-5x5cm.jpg?fit=591%2C448&ssl=1","contentUrl":"https:\/\/i0.wp.com\/mediartis.com\/wp-content\/uploads\/2019\/05\/Logo-MP-5x5cm.jpg?fit=591%2C448&ssl=1","width":591,"height":448,"caption":"Mediartis"},"image":{"@id":"https:\/\/mediartis.com\/fr\/#\/schema\/logo\/image\/"},"sameAs":["https:\/\/www.facebook.com\/mediartisvoice","https:\/\/x.com\/Mediartis_","https:\/\/www.linkedin.com\/company\/mediartis-voice\/","https:\/\/www.youtube.com\/channel\/UC452V2Jm7LpMXoUvmKMpOYA"]},{"@type":"Person","@id":"https:\/\/mediartis.com\/fr\/#\/schema\/person\/5a565247f51f668c91f48bbd17204325","name":"cecilelimal","image":{"@type":"ImageObject","inLanguage":"fr-FR","@id":"https:\/\/secure.gravatar.com\/avatar\/1ca5a2471f697dd95ca74e0f457b8bbbae68a5bd1965d220106365dc04704d36?s=96&d=identicon&r=g","url":"https:\/\/secure.gravatar.com\/avatar\/1ca5a2471f697dd95ca74e0f457b8bbbae68a5bd1965d220106365dc04704d36?s=96&d=identicon&r=g","contentUrl":"https:\/\/secure.gravatar.com\/avatar\/1ca5a2471f697dd95ca74e0f457b8bbbae68a5bd1965d220106365dc04704d36?s=96&d=identicon&r=g","caption":"cecilelimal"}}]}},"jetpack_featured_media_url":"https:\/\/i0.wp.com\/mediartis.com\/wp-content\/uploads\/2021\/04\/Asset-Management-Mediartis.jpg?fit=2880%2C1920&ssl=1","uagb_featured_image_src":{"full":["https:\/\/i0.wp.com\/mediartis.com\/wp-content\/uploads\/2021\/04\/Asset-Management-Mediartis.jpg?fit=2880%2C1920&ssl=1",2880,1920,false],"thumbnail":["https:\/\/i0.wp.com\/mediartis.com\/wp-content\/uploads\/2021\/04\/Asset-Management-Mediartis.jpg?resize=150%2C150&ssl=1",150,150,true],"medium":["https:\/\/i0.wp.com\/mediartis.com\/wp-content\/uploads\/2021\/04\/Asset-Management-Mediartis.jpg?fit=300%2C200&ssl=1",300,200,true],"medium_large":["https:\/\/i0.wp.com\/mediartis.com\/wp-content\/uploads\/2021\/04\/Asset-Management-Mediartis.jpg?fit=768%2C512&ssl=1",768,512,true],"large":["https:\/\/i0.wp.com\/mediartis.com\/wp-content\/uploads\/2021\/04\/Asset-Management-Mediartis.jpg?fit=800%2C534&ssl=1",800,534,true],"1536x1536":["https:\/\/i0.wp.com\/mediartis.com\/wp-content\/uploads\/2021\/04\/Asset-Management-Mediartis.jpg?fit=1536%2C1024&ssl=1",1536,1024,true],"2048x2048":["https:\/\/i0.wp.com\/mediartis.com\/wp-content\/uploads\/2021\/04\/Asset-Management-Mediartis.jpg?fit=2048%2C1365&ssl=1",2048,1365,true],"newspack-article-block-landscape-large":["https:\/\/i0.wp.com\/mediartis.com\/wp-content\/uploads\/2021\/04\/Asset-Management-Mediartis.jpg?resize=1200%2C900&ssl=1",1200,900,true],"newspack-article-block-portrait-large":["https:\/\/i0.wp.com\/mediartis.com\/wp-content\/uploads\/2021\/04\/Asset-Management-Mediartis.jpg?resize=900%2C1200&ssl=1",900,1200,true],"newspack-article-block-square-large":["https:\/\/i0.wp.com\/mediartis.com\/wp-content\/uploads\/2021\/04\/Asset-Management-Mediartis.jpg?resize=1200%2C1200&ssl=1",1200,1200,true],"newspack-article-block-landscape-medium":["https:\/\/i0.wp.com\/mediartis.com\/wp-content\/uploads\/2021\/04\/Asset-Management-Mediartis.jpg?resize=800%2C600&ssl=1",800,600,true],"newspack-article-block-portrait-medium":["https:\/\/i0.wp.com\/mediartis.com\/wp-content\/uploads\/2021\/04\/Asset-Management-Mediartis.jpg?resize=600%2C800&ssl=1",600,800,true],"newspack-article-block-square-medium":["https:\/\/i0.wp.com\/mediartis.com\/wp-content\/uploads\/2021\/04\/Asset-Management-Mediartis.jpg?resize=800%2C800&ssl=1",800,800,true],"newspack-article-block-landscape-intermediate":["https:\/\/i0.wp.com\/mediartis.com\/wp-content\/uploads\/2021\/04\/Asset-Management-Mediartis.jpg?resize=600%2C450&ssl=1",600,450,true],"newspack-article-block-portrait-intermediate":["https:\/\/i0.wp.com\/mediartis.com\/wp-content\/uploads\/2021\/04\/Asset-Management-Mediartis.jpg?resize=450%2C600&ssl=1",450,600,true],"newspack-article-block-square-intermediate":["https:\/\/i0.wp.com\/mediartis.com\/wp-content\/uploads\/2021\/04\/Asset-Management-Mediartis.jpg?resize=600%2C600&ssl=1",600,600,true],"newspack-article-block-landscape-small":["https:\/\/i0.wp.com\/mediartis.com\/wp-content\/uploads\/2021\/04\/Asset-Management-Mediartis.jpg?resize=400%2C300&ssl=1",400,300,true],"newspack-article-block-portrait-small":["https:\/\/i0.wp.com\/mediartis.com\/wp-content\/uploads\/2021\/04\/Asset-Management-Mediartis.jpg?resize=300%2C400&ssl=1",300,400,true],"newspack-article-block-square-small":["https:\/\/i0.wp.com\/mediartis.com\/wp-content\/uploads\/2021\/04\/Asset-Management-Mediartis.jpg?resize=400%2C400&ssl=1",400,400,true],"newspack-article-block-landscape-tiny":["https:\/\/i0.wp.com\/mediartis.com\/wp-content\/uploads\/2021\/04\/Asset-Management-Mediartis.jpg?resize=200%2C150&ssl=1",200,150,true],"newspack-article-block-portrait-tiny":["https:\/\/i0.wp.com\/mediartis.com\/wp-content\/uploads\/2021\/04\/Asset-Management-Mediartis.jpg?resize=150%2C200&ssl=1",150,200,true],"newspack-article-block-square-tiny":["https:\/\/i0.wp.com\/mediartis.com\/wp-content\/uploads\/2021\/04\/Asset-Management-Mediartis.jpg?resize=200%2C200&ssl=1",200,200,true],"newspack-article-block-uncropped":["https:\/\/i0.wp.com\/mediartis.com\/wp-content\/uploads\/2021\/04\/Asset-Management-Mediartis.jpg?fit=1200%2C800&ssl=1",1200,800,true]},"uagb_author_info":{"display_name":"cecilelimal","author_link":"https:\/\/mediartis.com\/fr\/blog\/author\/cecilelimal\/"},"uagb_comment_info":0,"uagb_excerpt":"Un secteur audiovisuel fragile face \u00e0 la r\u00e9glementation Ce secteur cr\u00e9atif n\u2019a pas encore pris toute la mesure du RGPD, notamment dans ses processus de production et dans sa gestion des donn\u00e9es des artistes et techniciens. En effet, bien que les informations sur le RGPD circulent depuis mai 2018, les soci\u00e9t\u00e9s de production et de\u2026","jetpack_shortlink":"https:\/\/wp.me\/paU50c-4fH","jetpack_sharing_enabled":true,"amp_enabled":true,"_links":{"self":[{"href":"https:\/\/mediartis.com\/fr\/wp-json\/wp\/v2\/posts\/16349","targetHints":{"allow":["GET"]}}],"collection":[{"href":"https:\/\/mediartis.com\/fr\/wp-json\/wp\/v2\/posts"}],"about":[{"href":"https:\/\/mediartis.com\/fr\/wp-json\/wp\/v2\/types\/post"}],"author":[{"embeddable":true,"href":"https:\/\/mediartis.com\/fr\/wp-json\/wp\/v2\/users\/156149980"}],"replies":[{"embeddable":true,"href":"https:\/\/mediartis.com\/fr\/wp-json\/wp\/v2\/comments?post=16349"}],"version-history":[{"count":35,"href":"https:\/\/mediartis.com\/fr\/wp-json\/wp\/v2\/posts\/16349\/revisions"}],"predecessor-version":[{"id":16390,"href":"https:\/\/mediartis.com\/fr\/wp-json\/wp\/v2\/posts\/16349\/revisions\/16390"}],"wp:featuredmedia":[{"embeddable":true,"href":"https:\/\/mediartis.com\/fr\/wp-json\/wp\/v2\/media\/13113"}],"wp:attachment":[{"href":"https:\/\/mediartis.com\/fr\/wp-json\/wp\/v2\/media?parent=16349"}],"wp:term":[{"taxonomy":"category","embeddable":true,"href":"https:\/\/mediartis.com\/fr\/wp-json\/wp\/v2\/categories?post=16349"},{"taxonomy":"post_tag","embeddable":true,"href":"https:\/\/mediartis.com\/fr\/wp-json\/wp\/v2\/tags?post=16349"}],"curies":[{"name":"wp","href":"https:\/\/api.w.org\/{rel}","templated":true}]}}